{"id":52159,"date":"2022-05-03T10:58:40","date_gmt":"2022-05-03T08:58:40","guid":{"rendered":"https:\/\/zahoramizadolami.sk\/in-the-footsteps-of-dobsinsky\/"},"modified":"2026-08-05T10:42:30","modified_gmt":"2026-08-05T08:42:30","slug":"in-the-footsteps-of-dobsinsky","status":"publish","type":"post","link":"https:\/\/zahoramizadolami.sk\/en\/in-the-footsteps-of-dobsinsky\/","title":{"rendered":"In the Footsteps of Dob\u0161insk\u00fd"},"content":{"rendered":"<div class=\"wpb-content-wrapper\"><p>[vc_row css_animation=&#8221;&#8221; row_type=&#8221;row&#8221; use_row_as_full_screen_section=&#8221;no&#8221; type=&#8221;full_width&#8221; angled_section=&#8221;no&#8221; text_align=&#8221;left&#8221; background_image_as_pattern=&#8221;without_pattern&#8221; z_index=&#8221;&#8221;][vc_column][vc_column_text css=&#8221;.vc_custom_1651566695302{padding-bottom: 16px !important;}&#8221; el_class=&#8221;title-custom-font&#8221;]<\/p>\n<h3 style=\"text-align: center;\">In the Footsteps of Pavol Emanuel Dob\u0161insk\u00fd and Discovering the Beauty of the Drien\u010dany Karst<\/h3>\n<p>[\/vc_column_text][vc_column_text css=&#8221;.vc_custom_1651566703388{padding-bottom: 16px !important;}&#8221; el_class=&#8221;title-custom-font&#8221;]<\/p>\n<h3 style=\"text-align: center;\">What does Pavol Dob\u0161insk\u00fd have in common with the people of Drienec?<\/h3>\n<p>[\/vc_column_text][vc_empty_space height=&#8221;56px&#8221;][vc_column_text]<strong>Where:<\/strong> Drien\u010dany<br \/>\n<strong>County:<\/strong> Rimavsk\u00e1 Sobota<br \/>\n<strong>Time\/Duration:<\/strong> Set aside the whole day.[\/vc_column_text][vc_empty_space height=&#8221;24&#8243;][vc_column_text]I grew up on the fairy tales of Pavel Dob\u0161insk\u00fd. In my eyes, he was someone who wrote and created beautiful fairy tales. After all, you can imagine the perspective of a little girl growing up in a village, running around the garden and the surrounding area all day long.<\/p>\n<p>My childhood years turned into adulthood with the wave of a magic wand, and I forgot about fairy tales\u2014almost all of them. It wasn\u2019t until my children came along that they were brought back to life, and a longing arose in my heart to pass on to my children the magic hidden within books.<\/p>\n<p>And through my passion for writing (including professionally), I one day came across the figure of Pavol Emanuel Dob\u0161insk\u00fd again and learned that it is precisely the small villages in the south of the Bansk\u00e1 Bystrica Region that are closely associated with him. Honestly, I hadn\u2019t the faintest idea about that until then.[\/vc_column_text][vc_empty_space height=&#8221;24&#8243;][vc_column_text]That\u2019s when the idea was born to visit those places and discover a piece of literary history through the character of each location. After all, experiencing and exploring authentic places is the best way to learn, remember, and form your own opinion. I\u2019m not even sure if I wanted this more for myself or for my children.<\/p>\n<p>It doesn&#8217;t matter. What&#8217;s important is that when we planned our summer vacation in Gemer, I immediately added Drien\u010dany and the Pavol E. Dob\u0161insk\u00fd Museum to the itinerary. And in addition to the museum dedicated to this famous figure, we stumbled upon other interesting and appealing places.<\/p>\n<p>Pavol Emanuel Dob\u0161insk\u00fd (a Slovak Evangelical priest, folklorist, collector of folk literature, translator, and writer of the \u0160t\u00far generation) is the most significant figure whose life was linked to the parish in Drien\u010dany for 24 years, beginning in 1861. Until his death in 1885.[\/vc_column_text][vc_empty_space height=&#8221;24&#8243;][vc_single_image image=&#8221;42623&#8243; img_size=&#8221;full&#8221; qode_css_animation=&#8221;&#8221;][vc_empty_space height=&#8221;24&#8243;][vc_column_text]When you enter Drien\u010dany, it\u2019s clear at first glance that you\u2019ve found yourself in a land where water poured and sand flowed. The wooden figures from Dob\u0161insk\u00fd\u2019s fairy tales, found everywhere, will accompany you throughout the village.<\/p>\n<p>A passionate collector, recorder, and writer of folk tales, songs, proverbs, and sayings, he was born in Slavo\u0161ovce. He attended high school in Ro\u017e\u0148ava, Miskolc, and the Evangelical Lyceum in Levo\u010da.<\/p>\n<p>We owe him 90 fairy tales in 8 volumes, which continue to be published in various editions and have been translated into many languages. I don\u2019t know exactly how many, but the pastor from Drien\u010dany surely knows.<\/p>\n<p>Well, did you know that Pavol Dob\u0161insk\u00fd stripped some of them of their original eroticism and risqu\u00e9 humor to make them suitable for young readers? In fact, many of them are really only suitable for adults.[\/vc_column_text][vc_empty_space height=&#8221;24&#8243;][vc_single_image image=&#8221;42611&#8243; img_size=&#8221;full&#8221; qode_css_animation=&#8221;&#8221;][vc_empty_space height=&#8221;24&#8243;][vc_column_text]The museum, located right on the premises of the rectory where he worked, is spread across five rooms, furnished with period pieces as well as some furniture dating back to the time when Pavol Dob\u0161insk\u00fd was working here. We were particularly fascinated by the writing desk at which he wrote his texts. Apparently, he wrote only while standing. I can\u2019t even imagine that.<\/p>\n<p>The pastor and his wife gave us a very colorful and engaging introduction to the life of Pavol Dob\u0161insk\u00fd. He also shared many interesting tidbits and behind-the-scenes details that certainly aren\u2019t found in school textbooks. It\u2019s no wonder that even our boys managed to listen to him for over an hour. Or could it be the magical world of Dob\u0161insk\u00fd\u2019s fairy tales?<\/p>\n<p>Near the parish grounds stands a monument featuring a golden pen, a golden horseshoe, and a golden lock of hair\u2014all of which serve as a reminder of the legendary fairy-tale figure whose land you are standing on.<\/p>\n<p>The sundial at the end of the Drien\u010dansk\u00fd kras nature trail and the fairy-tale maze with a gazebo in the garden above the parish house in Drien\u010dany are also in the same style.[\/vc_column_text][vc_empty_space height=&#8221;24&#8243;][vc_single_image image=&#8221;42617&#8243; img_size=&#8221;full&#8221; qode_css_animation=&#8221;&#8221;][vc_empty_space height=&#8221;24&#8243;][vc_column_text]If you want to take a break from fairy tales for a while in Drien\u010dany, head to the beach at Tepl\u00fd vrch (about 3 km away) to cool off, or treat yourself to a walk along the \u201cBeauties of the Drien\u010dany Karst\u201d nature trail. As we\u2019ve learned, this is another attraction for tourists who happen to wander this way.<\/p>\n<p>The restored nature trail winds through a mix of sun-drenched meadows and dense forest, providing pleasant shade for hikers who have decided to explore the area\u2019s unique karst landscape. We were there on a day that followed a violent nighttime storm, and some parts of the trail were wet and muddy.<\/p>\n<p>But so what? Fifteen stops with information signs, huge ferns that practically begged us to take a beautiful photo with them, and sinkholes along the side of the path kept us moving along the trail very quickly. The biggest hit with my kids was the Mal\u00e1 Drien\u010dansk\u00e1 Cave, which gave us a glimpse of ancient history and revealed that the remains of settlements from the Late Bronze Age, the Eneolithic, and the Middle Ages had been found there.<br \/>\n[\/vc_column_text][vc_empty_space height=&#8221;24&#8243;][vc_column_text]For the rest of the day, we decided to relax by the water at Tepl\u00fd vrch, which provided us with a pleasant refreshment and a brief sense of being at the beach. But you can extend your trip\u2014after all, Kraskovo (11 km) and Kyjatice (15 km) are right nearby, where, in addition to unique Gothic churches, you\u2019ll find the mysterious Archeoskanzen, an open-air museum of the ancient Kyjatice culture. We\u2019ve saved that for our next visit to the Rimavsk\u00e1 Sobota area.<\/p>\n<p>And if you\u2019re looking for an even more fairy-tale-like experience, head to Kyjatice to visit Ladislav Hedvigi, who makes beautiful wooden toys from Kyjatice. But more on that another time.<\/p>\n<p>Let\u2019s continue exploring our region and its unique figures who have shaped the history of not only Slovakia.[\/vc_column_text][vc_empty_space height=&#8221;56px&#8221;][vc_gallery type=&#8221;image_grid&#8221; images=&#8221;42623,42620,42614,42617&#8243; img_size=&#8221;400&#215;400&#8243; column_number=&#8221;4&#8243; grayscale=&#8221;no&#8221; images_space=&#8221;gallery_with_space&#8221;][vc_empty_space height=&#8221;56px&#8221;][\/vc_column][\/vc_row][vc_row css_animation=&#8221;&#8221; row_type=&#8221;row&#8221; use_row_as_full_screen_section=&#8221;no&#8221; type=&#8221;full_width&#8221; angled_section=&#8221;no&#8221; text_align=&#8221;left&#8221; background_image_as_pattern=&#8221;without_pattern&#8221;][vc_column][vc_single_image image=&#8221;83&#8243; img_size=&#8221;full&#8221; alignment=&#8221;center&#8221; qode_css_animation=&#8221;&#8221; el_class=&#8221;my-divider&#8221;][vc_empty_space height=&#8221;56px&#8221;][vc_column_text css=&#8221;.vc_custom_1651580906030{padding-bottom: 16px !important;}&#8221; el_class=&#8221;title-custom-font&#8221;]<\/p>\n<h2 style=\"text-align: center;\">Latest Posts<\/h2>\n<p>[\/vc_column_text][vc_empty_space height=&#8221;56px&#8221;]\n<div class='latest_post_holder boxes three_columns one_row' >\n    <ul>\n    \n        <li class=\"clearfix\">\n            <div class=\"boxes_image\">\n                                <a itemprop=\"url\" href=\"https:\/\/zahoramizadolami.sk\/en\/in-the-footsteps-of-the-outlaw-jakub-surovec\/\"><img loading=\"lazy\" decoding=\"async\" width=\"539\" height=\"303\" src=\"https:\/\/zahoramizadolami.sk\/wp-content\/uploads\/2025\/11\/08_Pasuce-sa-ovecky-539x303.jpg\" class=\"attachment-latest_post_boxes size-latest_post_boxes wp-post-image\" alt=\"\" \/><\/a>\n            <\/div>\n            <div class=\"latest_post\"   style=' padding-left:0; padding-right:0; '>\n                <div class=\"latest_post_text\">\n                    <div class=\"latest_post_inner\">\n                        <div class=\"latest_post_text_inner\">\n                            <h4 itemprop=\"name\" class=\"latest_post_title entry_title\"><a itemprop=\"url\" href=\"https:\/\/zahoramizadolami.sk\/en\/in-the-footsteps-of-the-outlaw-jakub-surovec\/\">In the Footsteps of the Outlaw Jakub Surovec<\/a><\/h4>\n                            <p class=\"excerpt\">Join us on a journey through the land of outlaws\u2014the mysterious Devil's Valley.  ...<\/p>\n                            <span class=\"post_infos\">\n                                                                                                \n                                                                    <span class=\"dots\"><i class=\"fa fa-square\"><\/i><\/span>\n                                    <span class=\"blog_like\"><a  href=\"#\" class=\"qode-like\" id=\"qode-like-52163\" title=\"Like this\">0<span>  Likes<\/span><\/a><\/span>\n                                \n                                                            <\/span>\n                        <\/div>\n                    <\/div>\n                <\/div>\n            <\/div>\n        <\/li>\n    \n        <li class=\"clearfix\">\n            <div class=\"boxes_image\">\n                                <a itemprop=\"url\" href=\"https:\/\/zahoramizadolami.sk\/en\/a-trip-to-somoska-castle\/\"><img loading=\"lazy\" decoding=\"async\" width=\"539\" height=\"303\" src=\"https:\/\/zahoramizadolami.sk\/wp-content\/uploads\/2025\/09\/20250705_110911-539x303.jpg\" class=\"attachment-latest_post_boxes size-latest_post_boxes wp-post-image\" alt=\"\" \/><\/a>\n            <\/div>\n            <div class=\"latest_post\"   style=' padding-left:0; padding-right:0; '>\n                <div class=\"latest_post_text\">\n                    <div class=\"latest_post_inner\">\n                        <div class=\"latest_post_text_inner\">\n                            <h4 itemprop=\"name\" class=\"latest_post_title entry_title\"><a itemprop=\"url\" href=\"https:\/\/zahoramizadolami.sk\/en\/a-trip-to-somoska-castle\/\">A Trip to \u0160omo\u0161ka Castle<\/a><\/h4>\n                            <p class=\"excerpt\">A pleasant walk, beautiful views, and nice surprises...<\/p>\n                            <span class=\"post_infos\">\n                                                                                                \n                                                                    <span class=\"dots\"><i class=\"fa fa-square\"><\/i><\/span>\n                                    <span class=\"blog_like\"><a  href=\"#\" class=\"qode-like\" id=\"qode-like-52208\" title=\"Like this\">0<span>  Likes<\/span><\/a><\/span>\n                                \n                                                            <\/span>\n                        <\/div>\n                    <\/div>\n                <\/div>\n            <\/div>\n        <\/li>\n    \n        <li class=\"clearfix\">\n            <div class=\"boxes_image\">\n                                <a itemprop=\"url\" href=\"https:\/\/zahoramizadolami.sk\/en\/lucenec-discovering-traces-of-history-right-in-the-city\/\"><img loading=\"lazy\" decoding=\"async\" width=\"539\" height=\"303\" src=\"https:\/\/zahoramizadolami.sk\/wp-content\/uploads\/2025\/09\/20250704_135901-539x303.jpg\" class=\"attachment-latest_post_boxes size-latest_post_boxes wp-post-image\" alt=\"\" \/><\/a>\n            <\/div>\n            <div class=\"latest_post\"   style=' padding-left:0; padding-right:0; '>\n                <div class=\"latest_post_text\">\n                    <div class=\"latest_post_inner\">\n                        <div class=\"latest_post_text_inner\">\n                            <h4 itemprop=\"name\" class=\"latest_post_title entry_title\"><a itemprop=\"url\" href=\"https:\/\/zahoramizadolami.sk\/en\/lucenec-discovering-traces-of-history-right-in-the-city\/\">Lu\u010denec \u2014 Discovering Traces of History Right in the City<\/a><\/h4>\n                            <p class=\"excerpt\">This trip was a wonderful blend of history, exploration, and local atmosphere.  ...<\/p>\n                            <span class=\"post_infos\">\n                                                                                                \n                                                                    <span class=\"dots\"><i class=\"fa fa-square\"><\/i><\/span>\n                                    <span class=\"blog_like\"><a  href=\"#\" class=\"qode-like\" id=\"qode-like-52118\" title=\"Like this\">0<span>  Likes<\/span><\/a><\/span>\n                                \n                                                            <\/span>\n                        <\/div>\n                    <\/div>\n                <\/div>\n            <\/div>\n        <\/li>\n        <\/ul>\n<\/div>[vc_empty_space height=&#8221;56px&#8221;][\/vc_column][\/vc_row][vc_row css_animation=&#8221;&#8221; row_type=&#8221;row&#8221; use_row_as_full_screen_section=&#8221;no&#8221; type=&#8221;full_width&#8221; angled_section=&#8221;no&#8221; text_align=&#8221;center&#8221; background_image_as_pattern=&#8221;without_pattern&#8221; z_index=&#8221;&#8221;][vc_column]<a  itemprop=\"url\" href=\"\/pis-citaj-a-spoznavaj\/\" target=\"_self\" data-hover-background-color=\"#cc395b\" data-hover-border-color=\"#cc395b\" data-hover-color=\"#ffffff\" class=\"qbutton  medium center default my-button\" style=\"color: #ffffff; border-color: #ee446c; border-radius: 4px;-moz-border-radius: 4px;-webkit-border-radius: 4px; background-color:#ee446c;\">All Articles<\/a>[vc_empty_space height=&#8221;80&#8243;][\/vc_column][\/vc_row]<\/p>\n<\/div>","protected":false},"excerpt":{"rendered":"<p>Let\u2019s continue exploring our region and its unique figures who have shaped the history of not only Slovakia.<\/p>\n","protected":false},"author":10,"featured_media":42627,"comment_status":"closed","ping_status":"closed","sticky":false,"template":"","format":"standard","meta":{"inline_featured_image":false,"footnotes":""},"categories":[653],"tags":[],"class_list":["post-52159","post","type-post","status-publish","format-standard","has-post-thumbnail","hentry","category-write-read-discover-2025"],"yoast_head":"<!-- This site is optimized with the Yoast SEO plugin v25.0 - https:\/\/yoast.com\/wordpress\/plugins\/seo\/ -->\n<title>In the Footsteps of Dob\u0161insk\u00fd - Za horami, za dolami v Banskobystrickom kraji<\/title>\n<meta name=\"robots\" content=\"index, follow, max-snippet:-1, max-image-preview:large, max-video-preview:-1\" \/>\n<link rel=\"canonical\" href=\"https:\/\/zahoramizadolami.sk\/en\/in-the-footsteps-of-dobsinsky\/\" \/>\n<meta property=\"og:locale\" content=\"en_US\" \/>\n<meta property=\"og:type\" content=\"article\" \/>\n<meta property=\"og:title\" content=\"In the Footsteps of Dob\u0161insk\u00fd - Za horami, za dolami v Banskobystrickom kraji\" \/>\n<meta property=\"og:description\" content=\"Let\u2019s continue exploring our region and its unique figures who have shaped the history of not only Slovakia.\" \/>\n<meta property=\"og:url\" content=\"https:\/\/zahoramizadolami.sk\/en\/in-the-footsteps-of-dobsinsky\/\" \/>\n<meta property=\"og:site_name\" content=\"Za horami, za dolami v Banskobystrickom kraji\" \/>\n<meta property=\"article:publisher\" content=\"https:\/\/www.facebook.com\/zahoramizadolami.sk\/\" \/>\n<meta property=\"article:published_time\" content=\"2022-05-03T08:58:40+00:00\" \/>\n<meta property=\"article:modified_time\" content=\"2026-08-05T08:42:30+00:00\" \/>\n<meta property=\"og:image\" content=\"https:\/\/zahoramizadolami.sk\/wp-content\/uploads\/2022\/05\/PCS-Driecany-06-1.jpg\" \/>\n\t<meta property=\"og:image:width\" content=\"1920\" \/>\n\t<meta property=\"og:image:height\" content=\"800\" \/>\n\t<meta property=\"og:image:type\" content=\"image\/jpeg\" \/>\n<meta name=\"author\" content=\"Lucia \u0160vehlov\u00e1\" \/>\n<meta name=\"twitter:card\" content=\"summary_large_image\" \/>\n<meta name=\"twitter:label1\" content=\"Written by\" \/>\n\t<meta name=\"twitter:data1\" content=\"Lucia \u0160vehlov\u00e1\" \/>\n\t<meta name=\"twitter:label2\" content=\"Est. reading time\" \/>\n\t<meta name=\"twitter:data2\" content=\"8 minutes\" \/>\n<script type=\"application\/ld+json\" class=\"yoast-schema-graph\">{\"@context\":\"https:\/\/schema.org\",\"@graph\":[{\"@type\":\"WebPage\",\"@id\":\"https:\/\/zahoramizadolami.sk\/en\/in-the-footsteps-of-dobsinsky\/\",\"url\":\"https:\/\/zahoramizadolami.sk\/en\/in-the-footsteps-of-dobsinsky\/\",\"name\":\"In the Footsteps of Dob\u0161insk\u00fd - Za horami, za dolami v Banskobystrickom kraji\",\"isPartOf\":{\"@id\":\"https:\/\/zahoramizadolami.sk\/#website\"},\"primaryImageOfPage\":{\"@id\":\"https:\/\/zahoramizadolami.sk\/en\/in-the-footsteps-of-dobsinsky\/#primaryimage\"},\"image\":{\"@id\":\"https:\/\/zahoramizadolami.sk\/en\/in-the-footsteps-of-dobsinsky\/#primaryimage\"},\"thumbnailUrl\":\"https:\/\/zahoramizadolami.sk\/wp-content\/uploads\/2022\/05\/PCS-Driecany-06-1.jpg\",\"datePublished\":\"2022-05-03T08:58:40+00:00\",\"dateModified\":\"2026-08-05T08:42:30+00:00\",\"author\":{\"@id\":\"https:\/\/zahoramizadolami.sk\/#\/schema\/person\/4632dee5b8f41ace80081d4a7b1f0f9c\"},\"breadcrumb\":{\"@id\":\"https:\/\/zahoramizadolami.sk\/en\/in-the-footsteps-of-dobsinsky\/#breadcrumb\"},\"inLanguage\":\"en-US\",\"potentialAction\":[{\"@type\":\"ReadAction\",\"target\":[\"https:\/\/zahoramizadolami.sk\/en\/in-the-footsteps-of-dobsinsky\/\"]}]},{\"@type\":\"ImageObject\",\"inLanguage\":\"en-US\",\"@id\":\"https:\/\/zahoramizadolami.sk\/en\/in-the-footsteps-of-dobsinsky\/#primaryimage\",\"url\":\"https:\/\/zahoramizadolami.sk\/wp-content\/uploads\/2022\/05\/PCS-Driecany-06-1.jpg\",\"contentUrl\":\"https:\/\/zahoramizadolami.sk\/wp-content\/uploads\/2022\/05\/PCS-Driecany-06-1.jpg\",\"width\":1920,\"height\":800},{\"@type\":\"BreadcrumbList\",\"@id\":\"https:\/\/zahoramizadolami.sk\/en\/in-the-footsteps-of-dobsinsky\/#breadcrumb\",\"itemListElement\":[{\"@type\":\"ListItem\",\"position\":1,\"name\":\"Home\",\"item\":\"https:\/\/zahoramizadolami.sk\/en\/\"},{\"@type\":\"ListItem\",\"position\":2,\"name\":\"In the Footsteps of Dob\u0161insk\u00fd\"}]},{\"@type\":\"WebSite\",\"@id\":\"https:\/\/zahoramizadolami.sk\/#website\",\"url\":\"https:\/\/zahoramizadolami.sk\/\",\"name\":\"Za horami, za dolami v Banskobystrickom kraji\",\"description\":\"Za horami, za dolami, bol raz jeden Banskobystrick\u00fd kraj.\",\"potentialAction\":[{\"@type\":\"SearchAction\",\"target\":{\"@type\":\"EntryPoint\",\"urlTemplate\":\"https:\/\/zahoramizadolami.sk\/?s={search_term_string}\"},\"query-input\":{\"@type\":\"PropertyValueSpecification\",\"valueRequired\":true,\"valueName\":\"search_term_string\"}}],\"inLanguage\":\"en-US\"},{\"@type\":\"Person\",\"@id\":\"https:\/\/zahoramizadolami.sk\/#\/schema\/person\/4632dee5b8f41ace80081d4a7b1f0f9c\",\"name\":\"Lucia \u0160vehlov\u00e1\",\"image\":{\"@type\":\"ImageObject\",\"inLanguage\":\"en-US\",\"@id\":\"https:\/\/zahoramizadolami.sk\/#\/schema\/person\/image\/\",\"url\":\"https:\/\/secure.gravatar.com\/avatar\/84d1ebb76af22c3d9be443a25ee7ceaa?s=96&d=mm&r=g\",\"contentUrl\":\"https:\/\/secure.gravatar.com\/avatar\/84d1ebb76af22c3d9be443a25ee7ceaa?s=96&d=mm&r=g\",\"caption\":\"Lucia \u0160vehlov\u00e1\"},\"url\":\"https:\/\/zahoramizadolami.sk\/en\/author\/lucia\/\"}]}<\/script>\n<!-- \/ Yoast SEO plugin. -->","yoast_head_json":{"title":"In the Footsteps of Dob\u0161insk\u00fd - Za horami, za dolami v Banskobystrickom kraji","robots":{"index":"index","follow":"follow","max-snippet":"max-snippet:-1","max-image-preview":"max-image-preview:large","max-video-preview":"max-video-preview:-1"},"canonical":"https:\/\/zahoramizadolami.sk\/en\/in-the-footsteps-of-dobsinsky\/","og_locale":"en_US","og_type":"article","og_title":"In the Footsteps of Dob\u0161insk\u00fd - Za horami, za dolami v Banskobystrickom kraji","og_description":"Let\u2019s continue exploring our region and its unique figures who have shaped the history of not only Slovakia.","og_url":"https:\/\/zahoramizadolami.sk\/en\/in-the-footsteps-of-dobsinsky\/","og_site_name":"Za horami, za dolami v Banskobystrickom kraji","article_publisher":"https:\/\/www.facebook.com\/zahoramizadolami.sk\/","article_published_time":"2022-05-03T08:58:40+00:00","article_modified_time":"2026-08-05T08:42:30+00:00","og_image":[{"width":1920,"height":800,"url":"https:\/\/zahoramizadolami.sk\/wp-content\/uploads\/2022\/05\/PCS-Driecany-06-1.jpg","type":"image\/jpeg"}],"author":"Lucia \u0160vehlov\u00e1","twitter_card":"summary_large_image","twitter_misc":{"Written by":"Lucia \u0160vehlov\u00e1","Est. reading time":"8 minutes"},"schema":{"@context":"https:\/\/schema.org","@graph":[{"@type":"WebPage","@id":"https:\/\/zahoramizadolami.sk\/en\/in-the-footsteps-of-dobsinsky\/","url":"https:\/\/zahoramizadolami.sk\/en\/in-the-footsteps-of-dobsinsky\/","name":"In the Footsteps of Dob\u0161insk\u00fd - Za horami, za dolami v Banskobystrickom kraji","isPartOf":{"@id":"https:\/\/zahoramizadolami.sk\/#website"},"primaryImageOfPage":{"@id":"https:\/\/zahoramizadolami.sk\/en\/in-the-footsteps-of-dobsinsky\/#primaryimage"},"image":{"@id":"https:\/\/zahoramizadolami.sk\/en\/in-the-footsteps-of-dobsinsky\/#primaryimage"},"thumbnailUrl":"https:\/\/zahoramizadolami.sk\/wp-content\/uploads\/2022\/05\/PCS-Driecany-06-1.jpg","datePublished":"2022-05-03T08:58:40+00:00","dateModified":"2026-08-05T08:42:30+00:00","author":{"@id":"https:\/\/zahoramizadolami.sk\/#\/schema\/person\/4632dee5b8f41ace80081d4a7b1f0f9c"},"breadcrumb":{"@id":"https:\/\/zahoramizadolami.sk\/en\/in-the-footsteps-of-dobsinsky\/#breadcrumb"},"inLanguage":"en-US","potentialAction":[{"@type":"ReadAction","target":["https:\/\/zahoramizadolami.sk\/en\/in-the-footsteps-of-dobsinsky\/"]}]},{"@type":"ImageObject","inLanguage":"en-US","@id":"https:\/\/zahoramizadolami.sk\/en\/in-the-footsteps-of-dobsinsky\/#primaryimage","url":"https:\/\/zahoramizadolami.sk\/wp-content\/uploads\/2022\/05\/PCS-Driecany-06-1.jpg","contentUrl":"https:\/\/zahoramizadolami.sk\/wp-content\/uploads\/2022\/05\/PCS-Driecany-06-1.jpg","width":1920,"height":800},{"@type":"BreadcrumbList","@id":"https:\/\/zahoramizadolami.sk\/en\/in-the-footsteps-of-dobsinsky\/#breadcrumb","itemListElement":[{"@type":"ListItem","position":1,"name":"Home","item":"https:\/\/zahoramizadolami.sk\/en\/"},{"@type":"ListItem","position":2,"name":"In the Footsteps of Dob\u0161insk\u00fd"}]},{"@type":"WebSite","@id":"https:\/\/zahoramizadolami.sk\/#website","url":"https:\/\/zahoramizadolami.sk\/","name":"Za horami, za dolami v Banskobystrickom kraji","description":"Za horami, za dolami, bol raz jeden Banskobystrick\u00fd kraj.","potentialAction":[{"@type":"SearchAction","target":{"@type":"EntryPoint","urlTemplate":"https:\/\/zahoramizadolami.sk\/?s={search_term_string}"},"query-input":{"@type":"PropertyValueSpecification","valueRequired":true,"valueName":"search_term_string"}}],"inLanguage":"en-US"},{"@type":"Person","@id":"https:\/\/zahoramizadolami.sk\/#\/schema\/person\/4632dee5b8f41ace80081d4a7b1f0f9c","name":"Lucia \u0160vehlov\u00e1","image":{"@type":"ImageObject","inLanguage":"en-US","@id":"https:\/\/zahoramizadolami.sk\/#\/schema\/person\/image\/","url":"https:\/\/secure.gravatar.com\/avatar\/84d1ebb76af22c3d9be443a25ee7ceaa?s=96&d=mm&r=g","contentUrl":"https:\/\/secure.gravatar.com\/avatar\/84d1ebb76af22c3d9be443a25ee7ceaa?s=96&d=mm&r=g","caption":"Lucia \u0160vehlov\u00e1"},"url":"https:\/\/zahoramizadolami.sk\/en\/author\/lucia\/"}]}},"_links":{"self":[{"href":"https:\/\/zahoramizadolami.sk\/en\/wp-json\/wp\/v2\/posts\/52159","targetHints":{"allow":["GET"]}}],"collection":[{"href":"https:\/\/zahoramizadolami.sk\/en\/wp-json\/wp\/v2\/posts"}],"about":[{"href":"https:\/\/zahoramizadolami.sk\/en\/wp-json\/wp\/v2\/types\/post"}],"author":[{"embeddable":true,"href":"https:\/\/zahoramizadolami.sk\/en\/wp-json\/wp\/v2\/users\/10"}],"replies":[{"embeddable":true,"href":"https:\/\/zahoramizadolami.sk\/en\/wp-json\/wp\/v2\/comments?post=52159"}],"version-history":[{"count":4,"href":"https:\/\/zahoramizadolami.sk\/en\/wp-json\/wp\/v2\/posts\/52159\/revisions"}],"predecessor-version":[{"id":52327,"href":"https:\/\/zahoramizadolami.sk\/en\/wp-json\/wp\/v2\/posts\/52159\/revisions\/52327"}],"wp:featuredmedia":[{"embeddable":true,"href":"https:\/\/zahoramizadolami.sk\/en\/wp-json\/wp\/v2\/media\/42627"}],"wp:attachment":[{"href":"https:\/\/zahoramizadolami.sk\/en\/wp-json\/wp\/v2\/media?parent=52159"}],"wp:term":[{"taxonomy":"category","embeddable":true,"href":"https:\/\/zahoramizadolami.sk\/en\/wp-json\/wp\/v2\/categories?post=52159"},{"taxonomy":"post_tag","embeddable":true,"href":"https:\/\/zahoramizadolami.sk\/en\/wp-json\/wp\/v2\/tags?post=52159"}],"curies":[{"name":"wp","href":"https:\/\/api.w.org\/{rel}","templated":true}]}}