{"id":52417,"date":"2026-03-04T16:52:21","date_gmt":"2026-03-04T15:52:21","guid":{"rendered":"https:\/\/zahoramizadolami.sk\/brezno-serce-regionu-horehronie\/"},"modified":"2026-08-05T10:49:36","modified_gmt":"2026-08-05T08:49:36","slug":"brezno-serce-regionu-horehronie","status":"publish","type":"post","link":"https:\/\/zahoramizadolami.sk\/pl\/brezno-serce-regionu-horehronie\/","title":{"rendered":"Brezno \u2013 serce regionu Horehronie"},"content":{"rendered":"<div class=\"wpb-content-wrapper\"><p>[vc_row css_animation=&#8221;&#8221; row_type=&#8221;row&#8221; use_row_as_full_screen_section=&#8221;no&#8221; type=&#8221;full_width&#8221; angled_section=&#8221;no&#8221; text_align=&#8221;left&#8221; background_image_as_pattern=&#8221;without_pattern&#8221; z_index=&#8221;&#8221;][vc_column][vc_column_text css=&#8221;&#8221;]<\/p>\n<pre style=\"text-align: center;\"><b>AUTOR: Andrea Nep\u0161insk\u00e1<\/b><\/pre>\n<p>[\/vc_column_text][vc_empty_space height=&#8221;24px&#8221;][vc_column_text css=&#8221;.vc_custom_1772625199866{padding-bottom: 16px !important;}&#8221; el_class=&#8221;title-custom-font&#8221;]<\/p>\n<h3>Wybierzcie si\u0119 z nami na wycieczk\u0119, by pozna\u0107 serce regionu Horehronie \u2013 kr\u00f3lewskie miasto Brezno.<\/h3>\n<p>[\/vc_column_text][vc_empty_space height=&#8221;24px&#8221;][vc_column_text css=&#8221;&#8221;]<strong>Gdzie: Brezno <\/strong><br \/>\n<strong>Powiat:<\/strong> Brezno<br \/>\n<strong>Czas\/czas trwania:<\/strong> zarezerwujcie sobie ca\u0142y dzie\u0144[\/vc_column_text][vc_empty_space height=&#8221;24&#8243;][vc_column_text css=&#8221;&#8221;]W jeden pi\u0119kny, s\u0142oneczny dzie\u0144 wybrali\u015bmy si\u0119 na intensywn\u0105 wycieczk\u0119 po mie\u015bcie Brezno. Miasto to le\u017cy w samym sercu S\u0142owacji, u podn\u00f3\u017ca majestatycznego \u010eumbiera, najwy\u017cszego szczytu Niskich Tatr, a w zesz\u0142ym roku obchodzi\u0142o 750. rocznic\u0119 pierwszej wzmianki pisemnej.[\/vc_column_text][vc_empty_space height=&#8221;24&#8243;][vc_single_image image=&#8221;49595&#8243; img_size=&#8221;full&#8221; css=&#8221;&#8221; qode_css_animation=&#8221;&#8221;][vc_empty_space height=&#8221;24&#8243;][vc_column_text css=&#8221;&#8221;]<strong>Wie\u017ca widokowa Horn\u00e9 lazy<\/strong><\/p>\n<p>Naszym pierwszym celem by\u0142a wie\u017ca widokowa Horn\u00e9 lazy, kt\u00f3ra ze swoj\u0105 wysoko\u015bci\u0105 40 m jest drug\u0105 co do wysoko\u015bci wie\u017c\u0105 widokow\u0105 na S\u0142owacji. Przed sklepem Kaufland wyruszyli\u015bmy oznakowanym szlakiem. Po prawej stronie mijali\u015bmy nowocze\u015bnie zaprojektowan\u0105 <strong>Drog\u0119 Krzy\u017cow\u0105<\/strong> i szli\u015bmy dalej wzd\u0142u\u017c studni z wod\u0105 \u017ar\u00f3dlan\u0105, o kt\u00f3re dba\u0142 wujek Libi\u010d. Jego drewnian\u0105 rze\u017ab\u0119 mo\u017cna zobaczy\u0107 pod wiat\u0105 przy \u015bcie\u017cce. W drodze do <strong>zagrody<\/strong> z sarenkami, jeleniami i muflonami towarzyszy\u0142y nam tablice informacyjne o lesie i zwierz\u0119tach.    <\/p>\n<p>Na rozdro\u017cu przy bufecie skr\u0119cili\u015bmy w prawo. \u0141\u0105ki ust\u0105pi\u0142y miejsca lasowi, w kt\u00f3rym natkn\u0119li\u015bmy si\u0119 na drewniane rze\u017aby zwierz\u0105t. Na tych wzg\u00f3rzach co roku mi\u0142o\u015bnicy bieg\u00f3w ekstremalnych zmagaj\u0105 si\u0119 ze sob\u0105 podczas imprezy <strong>\u201eDoby ve\u017eu<\/strong>\u201d. Nam wystarczy\u0142a zwyk\u0142a wspinaczka bez trudnych przeszk\u00f3d. Po 60 minutach podnosili\u015bmy ju\u017c wzrok na solidn\u0105 stalow\u0105 konstrukcj\u0119 wie\u017cy widokowej, kt\u00f3r\u0105 montowano przy pomocy helikoptera. Po pokonaniu 192 stopni otworzy\u0142y si\u0119 przed nami wspania\u0142e widoki we wszystkich kierunkach \u015bwiata. W d\u00f3\u0142 szli\u015bmy drug\u0105 tras\u0105, kt\u00f3ra wraz z pierwsz\u0105 tworzy p\u0119tl\u0119. Do samochodu wracali\u015bmy przez <strong>Banisko<\/strong>, wzd\u0142u\u017c sadu drzew owocowych i strumyka. W drodze na parking cieszy\u0142 nas widok na rabaty kwiat\u00f3w \u0142\u0105kowych.[\/vc_column_text][vc_empty_space height=&#8221;24&#8243;][vc_single_image image=&#8221;49586&#8243; img_size=&#8221;full&#8221; css=&#8221;&#8221; qode_css_animation=&#8221;&#8221;][vc_empty_space height=&#8221;24&#8243; image_repeat=&#8221;no-repeat&#8221; background_image=&#8221;49441&#8243;][vc_column_text css=&#8221;&#8221;]<strong>Ratuszowy<\/strong><\/p>\n<p>W ci\u0105gu kilku minut dotarli\u015bmy samochodem na pobliski plac im. gen. M. R. \u0160tef\u00e1nika. Jest to jeden z najwi\u0119kszych plac\u00f3w o planie kwadratowym na S\u0142owacji. Nasze kroki zaprowadzi\u0142y nas do <strong>dzwonnicy<\/strong>, na parterze kt\u00f3rej znajduje si\u0119 centrum informacyjne. Weszli\u015bmy po stromych schodach na pierwsze pi\u0119tro, gdzie zaskoczy\u0142a nas urocza kawiarnia z miejscami do siedzenia. Drugie pi\u0119tro by\u0142o po\u015bwi\u0119cone gen. M. R. \u0160tef\u00e1nikowi, kt\u00f3ry przemawia\u0142 do nas z ekranu. Wy\u017cej znajdowa\u0142y si\u0119 trzy zabytkowe dzwony. Na najwy\u017cszym pi\u0119trze mie\u015bci\u0142o si\u0119 mieszkanie dzwonnika. Z okien mogli\u015bmy podziwia\u0107 widoki na ca\u0142e miasto. Po powrocie na parter kupili\u015bmy pi\u0119kne pami\u0105tki. Mi\u0142e panie z punktu informacyjnego poleci\u0142y nam wiele innych miejsc, przeja\u017cd\u017cki kolejk\u0105 po okolicy oraz gr\u0119 miejsk\u0105 pod nazw\u0105 <strong>\u201eNa spacerze po Breznie\u201d<\/strong>, kt\u00f3ra bardzo nas zainteresowa\u0142a i z pewno\u015bci\u0105 wypr\u00f3bujemy j\u0105 podczas kolejnej wizyty w mie\u015bcie.         <\/p>\n<p>Przeszli\u015bmy obok kamienicy, ko\u015bcio\u0142a Wniebowzi\u0119cia Naj\u015bwi\u0119tszej Maryi Panny, przez pi\u0119kny park a\u017c do  <strong>Muzeum Horehronskie w domu nr 13<\/strong>. Opr\u00f3cz sta\u0142ej ekspozycji, kt\u00f3ra przedstawia histori\u0119 miasta, organizowane s\u0105 tu r\u00f3\u017cne wystawy i wyk\u0142ady. My podziwiali\u015bmy przepi\u0119kn\u0105 bi\u017cuteri\u0119 autorstwa utalentowanej artystki Katariny \u017diak. <\/p>\n<p>Poniewa\u017c byli\u015bmy ju\u017c naprawd\u0119 g\u0142odni, udali\u015bmy si\u0119 do restauracji na smaczny obiad.[\/vc_column_text][vc_empty_space height=&#8221;24&#8243;][vc_single_image image=&#8221;49610&#8243; img_size=&#8221;full&#8221; css=&#8221;&#8221; qode_css_animation=&#8221;&#8221;][vc_empty_space height=&#8221;24px&#8221;][vc_column_text css=&#8221;&#8221;]<strong>Nabrze\u017ce rzeki Hron<\/strong><\/p>\n<p>Nast\u0119pnie przeszli\u015bmy obok miejskiego hotelu \u201e\u010eumbier\u201d do <strong>synagogi<\/strong>, kt\u00f3ra s\u0142u\u017cy jako miejsce wystaw i koncert\u00f3w. Podczas naszej wizyty odbywa\u0142a si\u0119 tam wystawa rysunk\u00f3w humorystycznych i satyrycznych <strong>zatytu\u0142owana \u201eO szabli Bombura\u201d<\/strong>, kt\u00f3r\u0105 miasto organizuje co roku. Roze\u015bmiali\u015bmy si\u0119 nad rysunkami nie tylko autor\u00f3w s\u0142owackich, ale tak\u017ce z Chin, Indii, USA czy Australii.  <\/p>\n<p>Szli\u015bmy dalej spokojnym nabrze\u017cem Hronu, mijaj\u0105c pole do minigolfa, artystycznie zaprojektowane \u0142awki, plac zabaw dla dzieci i kilka kaczek. Zanim wr\u00f3cili\u015bmy do samochodu, nie mogli\u015bmy si\u0119 oprze\u0107 s\u0142odkim ba\u0142ka\u0144skim lodom. <\/p>\n<p><strong>Muzeum samochod\u00f3w<\/strong><\/p>\n<p>Czeka\u0142 nas jeszcze ostatni przystanek, czyli <strong>Muzeum Double Red Cars<\/strong>. Znajduje si\u0119 ono w dzielnicy Brezno \u2013 Mazorn\u00edkovo. Na pi\u0119ciu pi\u0119trach rozmieszczonych jest ponad 150 samochod\u00f3w z r\u00f3\u017cnych epok, kt\u00f3re podziwia\u0142a r\u00f3wnie\u017c rodzina Geissen\u00f3w. W\u015br\u00f3d samochod\u00f3w sportowych wyr\u00f3\u017cnia\u0142 si\u0119 kultowy czerwony bolid Ferrari. Mo\u017cna tu nawet znale\u017a\u0107 samoch\u00f3d o nazwie Rabbit, kt\u00f3ry pojawi\u0142 si\u0119 w teledysku piosenkarki Rihanny.    <\/p>\n<p>Po intensywnym dniu kolacja bardzo nam si\u0119 przyda\u0142a. Delektowali\u015bmy si\u0119 pysznymi hamburgerami w restauracji <strong>Double Horse<\/strong>, kt\u00f3ra mie\u015bci si\u0119 w budynku muzeum.[\/vc_column_text][vc_empty_space height=&#8221;24px&#8221;][vc_gallery type=&#8221;image_grid&#8221; images=&#8221;49625,49622,49619,49616,49589,49586,49592,49595,49598,49601,49604,49607,49610,49613,49583,49580&#8243; img_size=&#8221;400&#215;400&#8243; css=&#8221;&#8221; column_number=&#8221;4&#8243; grayscale=&#8221;no&#8221; images_space=&#8221;gallery_with_space&#8221;][vc_empty_space height=&#8221;56px&#8221;][vc_column_text css=&#8221;&#8221;]<strong>Kolejne propozycje wycieczek<\/strong><\/p>\n<p>Jeden dzie\u0144 to za ma\u0142o, by pozna\u0107 to miasto. Zw\u0142aszcza \u017ce przez ca\u0142y rok odbywaj\u0105 si\u0119 tu ciekawe wydarzenia. W Wielkanoc plac wype\u0142nia si\u0119 pisankami r\u00f3\u017cnej wielko\u015bci. Letnie <strong>Dni Miasta Brezna<\/strong> to prawdziwa gratka dla wszystkich uczestnik\u00f3w. Mi\u0142o\u015bnicy kultury z pewno\u015bci\u0105 doceni\u0105 <strong>Divadeln\u00fa Chalupk\u0119<\/strong>. <strong>Jarmark \u015bw. Andrzeja<\/strong> nale\u017cy do najstarszych jarmark\u00f3w na S\u0142owacji. Zim\u0105 na placu powstaje lodowisko w ramach imprezy <strong>\u201eLodowe miasteczko\u201d<\/strong> z przepi\u0119knymi dekoracjami tematycznymi. Miasto stworzy\u0142o ponadto wspania\u0142\u0105 sie\u0107 tras rowerowych, dzi\u0119ki czemu poruszanie si\u0119 po nim na rowerze to prawdziwa przyjemno\u015b\u0107.     <\/p>\n<p>Nie wahajcie si\u0119 wi\u0119c, przyjed\u017acie i przekonajcie si\u0119 sami, jak bije serce regionu Horehronie \u2013 miasta Brezno.[\/vc_column_text][\/vc_column][\/vc_row][vc_row css_animation=&#8221;&#8221; row_type=&#8221;row&#8221; use_row_as_full_screen_section=&#8221;no&#8221; type=&#8221;full_width&#8221; angled_section=&#8221;no&#8221; text_align=&#8221;left&#8221; background_image_as_pattern=&#8221;without_pattern&#8221;][vc_column][vc_single_image image=&#8221;83&#8243; img_size=&#8221;full&#8221; alignment=&#8221;center&#8221; qode_css_animation=&#8221;&#8221; el_class=&#8221;my-divider&#8221;][vc_empty_space height=&#8221;56px&#8221;][vc_column_text css=&#8221;.vc_custom_1651580906030{padding-bottom: 16px !important;}&#8221; el_class=&#8221;title-custom-font&#8221;]<\/p>\n<h2 style=\"text-align: center;\">Najnowsze wpisy<\/h2>\n<p>[\/vc_column_text][vc_empty_space height=&#8221;56px&#8221;]\n<div class='latest_post_holder boxes three_columns one_row' >\n    <ul>\n    \n        <li class=\"clearfix\">\n            <div class=\"boxes_image\">\n                                <a itemprop=\"url\" href=\"https:\/\/zahoramizadolami.sk\/pl\/brezno-serce-regionu-horehronie\/\"><img loading=\"lazy\" decoding=\"async\" width=\"539\" height=\"303\" src=\"https:\/\/zahoramizadolami.sk\/wp-content\/uploads\/2026\/03\/04_Vyhlad-na-Nizke-Tatry-z-rozhladne-e1772639174278-539x303.jpg\" class=\"attachment-latest_post_boxes size-latest_post_boxes wp-post-image\" alt=\"\" srcset=\"https:\/\/zahoramizadolami.sk\/wp-content\/uploads\/2026\/03\/04_Vyhlad-na-Nizke-Tatry-z-rozhladne-e1772639174278-539x303.jpg 539w, https:\/\/zahoramizadolami.sk\/wp-content\/uploads\/2026\/03\/04_Vyhlad-na-Nizke-Tatry-z-rozhladne-e1772639174278-600x338.jpg 600w\" sizes=\"auto, (max-width: 539px) 100vw, 539px\" \/><\/a>\n            <\/div>\n            <div class=\"latest_post\"   style=' padding-left:0; padding-right:0; '>\n                <div class=\"latest_post_text\">\n                    <div class=\"latest_post_inner\">\n                        <div class=\"latest_post_text_inner\">\n                            <h4 itemprop=\"name\" class=\"latest_post_title entry_title\"><a itemprop=\"url\" href=\"https:\/\/zahoramizadolami.sk\/pl\/brezno-serce-regionu-horehronie\/\">Brezno \u2013 serce regionu Horehronie<\/a><\/h4>\n                            <p class=\"excerpt\">Ninka wspomina wieczorne wydarzenie w ramach Szlaku Zamk\u00f3w Pohronskich, podczas kt\u00f3rego wraz z rodzin\u0105 o\u015bwietla\u0142a z zamku Pus...<\/p>\n                            <span class=\"post_infos\">\n                                                                                                \n                                                                    <span class=\"dots\"><i class=\"fa fa-square\"><\/i><\/span>\n                                    <span class=\"blog_like\"><a  href=\"#\" class=\"qode-like\" id=\"qode-like-52417\" title=\"Like this\">0<span>  Likes<\/span><\/a><\/span>\n                                \n                                                            <\/span>\n                        <\/div>\n                    <\/div>\n                <\/div>\n            <\/div>\n        <\/li>\n    \n        <li class=\"clearfix\">\n            <div class=\"boxes_image\">\n                                <a itemprop=\"url\" href=\"https:\/\/zahoramizadolami.sk\/pl\/sygnal-swietlny-na-pustym-zamku-w-zwolenu\/\"><img loading=\"lazy\" decoding=\"async\" width=\"539\" height=\"303\" src=\"https:\/\/zahoramizadolami.sk\/wp-content\/uploads\/2026\/02\/20240315_182312-scaled-e1772189124181-539x303.jpg\" class=\"attachment-latest_post_boxes size-latest_post_boxes wp-post-image\" alt=\"\" \/><\/a>\n            <\/div>\n            <div class=\"latest_post\"   style=' padding-left:0; padding-right:0; '>\n                <div class=\"latest_post_text\">\n                    <div class=\"latest_post_inner\">\n                        <div class=\"latest_post_text_inner\">\n                            <h4 itemprop=\"name\" class=\"latest_post_title entry_title\"><a itemprop=\"url\" href=\"https:\/\/zahoramizadolami.sk\/pl\/sygnal-swietlny-na-pustym-zamku-w-zwolenu\/\">Sygna\u0142 \u015bwietlny na Pustym Zamku w Zwole\u0144u<\/a><\/h4>\n                            <p class=\"excerpt\">Ninka wspomina wieczorne wydarzenie w ramach Szlaku Zamk\u00f3w Pohronskich, podczas kt\u00f3rego wraz z rodzin\u0105 o\u015bwietla\u0142a z Zamku Pus...<\/p>\n                            <span class=\"post_infos\">\n                                                                                                \n                                                                    <span class=\"dots\"><i class=\"fa fa-square\"><\/i><\/span>\n                                    <span class=\"blog_like\"><a  href=\"#\" class=\"qode-like\" id=\"qode-like-52360\" title=\"Like this\">0<span>  Likes<\/span><\/a><\/span>\n                                \n                                                            <\/span>\n                        <\/div>\n                    <\/div>\n                <\/div>\n            <\/div>\n        <\/li>\n    \n        <li class=\"clearfix\">\n            <div class=\"boxes_image\">\n                                <a itemprop=\"url\" href=\"https:\/\/zahoramizadolami.sk\/pl\/slawna-przeszlosc-rodu-coburgow-w-regionach-horehronie-i-gemer\/\"><img loading=\"lazy\" decoding=\"async\" width=\"539\" height=\"303\" src=\"https:\/\/zahoramizadolami.sk\/wp-content\/uploads\/2026\/01\/14_Maketa-Coburgovcov-e1769010092725-539x303.jpg\" class=\"attachment-latest_post_boxes size-latest_post_boxes wp-post-image\" alt=\"\" \/><\/a>\n            <\/div>\n            <div class=\"latest_post\"   style=' padding-left:0; padding-right:0; '>\n                <div class=\"latest_post_text\">\n                    <div class=\"latest_post_inner\">\n                        <div class=\"latest_post_text_inner\">\n                            <h4 itemprop=\"name\" class=\"latest_post_title entry_title\"><a itemprop=\"url\" href=\"https:\/\/zahoramizadolami.sk\/pl\/slawna-przeszlosc-rodu-coburgow-w-regionach-horehronie-i-gemer\/\">S\u0142awna przesz\u0142o\u015b\u0107 rodu Coburg\u00f3w w regionach Horehronie i Gemer<\/a><\/h4>\n                            <p class=\"excerpt\">Przenie\u015b si\u0119 w przesz\u0142o\u015b\u0107 dzi\u0119ki ekscytuj\u0105cej wycieczce z przewodnikiem po historii: Nieznan\u0105 lini\u0105 kolejow\u0105 Coburga....<\/p>\n                            <span class=\"post_infos\">\n                                                                                                \n                                                                    <span class=\"dots\"><i class=\"fa fa-square\"><\/i><\/span>\n                                    <span class=\"blog_like\"><a  href=\"#\" class=\"qode-like\" id=\"qode-like-52460\" title=\"Like this\">0<span>  Likes<\/span><\/a><\/span>\n                                \n                                                            <\/span>\n                        <\/div>\n                    <\/div>\n                <\/div>\n            <\/div>\n        <\/li>\n        <\/ul>\n<\/div>[vc_empty_space height=&#8221;56px&#8221;][\/vc_column][\/vc_row][vc_row css_animation=&#8221;&#8221; row_type=&#8221;row&#8221; use_row_as_full_screen_section=&#8221;no&#8221; type=&#8221;full_width&#8221; angled_section=&#8221;no&#8221; text_align=&#8221;center&#8221; background_image_as_pattern=&#8221;without_pattern&#8221; z_index=&#8221;&#8221;][vc_column]<a  itemprop=\"url\" href=\"\/pis-citaj-a-spoznavaj\/\" target=\"_self\" data-hover-background-color=\"#cc395b\" data-hover-border-color=\"#cc395b\" data-hover-color=\"#ffffff\" class=\"qbutton  medium center default my-button\" style=\"color: #ffffff; border-color: #ee446c; border-radius: 4px;-moz-border-radius: 4px;-webkit-border-radius: 4px; background-color:#ee446c;\">Wszystkie artyku\u0142y<\/a>[vc_empty_space height=&#8221;80&#8243;][\/vc_column][\/vc_row]<\/p>\n<\/div>","protected":false},"excerpt":{"rendered":"<p>Ninka wspomina wieczorne wydarzenie w ramach Szlaku Zamk\u00f3w Pohronskich, podczas kt\u00f3rego wraz z rodzin\u0105 o\u015bwietla\u0142a z zamku Pust\u00fd okoliczne zamki, i nie mo\u017ce si\u0119 doczeka\u0107 kolejnej edycji, kt\u00f3ra odb\u0119dzie si\u0119 13 marca. <\/p>\n","protected":false},"author":22,"featured_media":52421,"comment_status":"closed","ping_status":"closed","sticky":false,"template":"","format":"standard","meta":{"inline_featured_image":false,"footnotes":""},"categories":[663],"tags":[],"class_list":["post-52417","post","type-post","status-publish","format-standard","has-post-thumbnail","hentry","category-pisz-czytaj-poznaj"],"yoast_head":"<!-- This site is optimized with the Yoast SEO plugin v25.0 - https:\/\/yoast.com\/wordpress\/plugins\/seo\/ -->\n<title>Brezno \u2013 serce regionu Horehronie - Za horami, za dolami v Banskobystrickom kraji<\/title>\n<meta name=\"description\" content=\"Wybierzcie si\u0119 z nami na wycieczk\u0119, by pozna\u0107 serce regionu Horehronie \u2013 kr\u00f3lewskie miasto Brezno.\" \/>\n<meta name=\"robots\" content=\"index, follow, max-snippet:-1, max-image-preview:large, max-video-preview:-1\" \/>\n<link rel=\"canonical\" href=\"https:\/\/zahoramizadolami.sk\/pl\/brezno-serce-regionu-horehronie\/\" \/>\n<meta property=\"og:locale\" content=\"pl_PL\" \/>\n<meta property=\"og:type\" content=\"article\" \/>\n<meta property=\"og:title\" content=\"Brezno \u2013 serce regionu Horehronie - Za horami, za dolami v Banskobystrickom kraji\" \/>\n<meta property=\"og:description\" content=\"Wybierzcie si\u0119 z nami na wycieczk\u0119, by pozna\u0107 serce regionu Horehronie \u2013 kr\u00f3lewskie miasto Brezno.\" \/>\n<meta property=\"og:url\" content=\"https:\/\/zahoramizadolami.sk\/pl\/brezno-serce-regionu-horehronie\/\" \/>\n<meta property=\"og:site_name\" content=\"Za horami, za dolami v Banskobystrickom kraji\" \/>\n<meta property=\"article:publisher\" content=\"https:\/\/www.facebook.com\/zahoramizadolami.sk\/\" \/>\n<meta property=\"article:published_time\" content=\"2026-03-04T15:52:21+00:00\" \/>\n<meta property=\"article:modified_time\" content=\"2026-08-05T08:49:36+00:00\" \/>\n<meta property=\"og:image\" content=\"https:\/\/zahoramizadolami.sk\/wp-content\/uploads\/2026\/03\/04_Vyhlad-na-Nizke-Tatry-z-rozhladne-e1772639174278.jpg\" \/>\n\t<meta property=\"og:image:width\" content=\"1200\" \/>\n\t<meta property=\"og:image:height\" content=\"338\" \/>\n\t<meta property=\"og:image:type\" content=\"image\/jpeg\" \/>\n<meta name=\"author\" content=\"Kristina Koziakova\" \/>\n<meta name=\"twitter:card\" content=\"summary_large_image\" \/>\n<meta name=\"twitter:label1\" content=\"Napisane przez\" \/>\n\t<meta name=\"twitter:data1\" content=\"Kristina Koziakova\" \/>\n\t<meta name=\"twitter:label2\" content=\"Szacowany czas czytania\" \/>\n\t<meta name=\"twitter:data2\" content=\"6 minut\" \/>\n<script type=\"application\/ld+json\" class=\"yoast-schema-graph\">{\"@context\":\"https:\/\/schema.org\",\"@graph\":[{\"@type\":\"WebPage\",\"@id\":\"https:\/\/zahoramizadolami.sk\/pl\/brezno-serce-regionu-horehronie\/\",\"url\":\"https:\/\/zahoramizadolami.sk\/pl\/brezno-serce-regionu-horehronie\/\",\"name\":\"Brezno \u2013 serce regionu Horehronie - Za horami, za dolami v Banskobystrickom kraji\",\"isPartOf\":{\"@id\":\"https:\/\/zahoramizadolami.sk\/pl\/#website\"},\"primaryImageOfPage\":{\"@id\":\"https:\/\/zahoramizadolami.sk\/pl\/brezno-serce-regionu-horehronie\/#primaryimage\"},\"image\":{\"@id\":\"https:\/\/zahoramizadolami.sk\/pl\/brezno-serce-regionu-horehronie\/#primaryimage\"},\"thumbnailUrl\":\"https:\/\/zahoramizadolami.sk\/wp-content\/uploads\/2026\/03\/04_Vyhlad-na-Nizke-Tatry-z-rozhladne-e1772639174278.jpg\",\"datePublished\":\"2026-03-04T15:52:21+00:00\",\"dateModified\":\"2026-08-05T08:49:36+00:00\",\"author\":{\"@id\":\"https:\/\/zahoramizadolami.sk\/pl\/#\/schema\/person\/5744777ca51b12b8c124664daee4900c\"},\"description\":\"Wybierzcie si\u0119 z nami na wycieczk\u0119, by pozna\u0107 serce regionu Horehronie \u2013 kr\u00f3lewskie miasto Brezno.\",\"breadcrumb\":{\"@id\":\"https:\/\/zahoramizadolami.sk\/pl\/brezno-serce-regionu-horehronie\/#breadcrumb\"},\"inLanguage\":\"pl-PL\",\"potentialAction\":[{\"@type\":\"ReadAction\",\"target\":[\"https:\/\/zahoramizadolami.sk\/pl\/brezno-serce-regionu-horehronie\/\"]}]},{\"@type\":\"ImageObject\",\"inLanguage\":\"pl-PL\",\"@id\":\"https:\/\/zahoramizadolami.sk\/pl\/brezno-serce-regionu-horehronie\/#primaryimage\",\"url\":\"https:\/\/zahoramizadolami.sk\/wp-content\/uploads\/2026\/03\/04_Vyhlad-na-Nizke-Tatry-z-rozhladne-e1772639174278.jpg\",\"contentUrl\":\"https:\/\/zahoramizadolami.sk\/wp-content\/uploads\/2026\/03\/04_Vyhlad-na-Nizke-Tatry-z-rozhladne-e1772639174278.jpg\",\"width\":1200,\"height\":338},{\"@type\":\"BreadcrumbList\",\"@id\":\"https:\/\/zahoramizadolami.sk\/pl\/brezno-serce-regionu-horehronie\/#breadcrumb\",\"itemListElement\":[{\"@type\":\"ListItem\",\"position\":1,\"name\":\"Home\",\"item\":\"https:\/\/zahoramizadolami.sk\/pl\/\"},{\"@type\":\"ListItem\",\"position\":2,\"name\":\"Brezno \u2013 serce regionu Horehronie\"}]},{\"@type\":\"WebSite\",\"@id\":\"https:\/\/zahoramizadolami.sk\/pl\/#website\",\"url\":\"https:\/\/zahoramizadolami.sk\/pl\/\",\"name\":\"Za horami, za dolami v Banskobystrickom kraji\",\"description\":\"Za horami, za dolami, bol raz jeden Banskobystrick\u00fd kraj.\",\"potentialAction\":[{\"@type\":\"SearchAction\",\"target\":{\"@type\":\"EntryPoint\",\"urlTemplate\":\"https:\/\/zahoramizadolami.sk\/pl\/?s={search_term_string}\"},\"query-input\":{\"@type\":\"PropertyValueSpecification\",\"valueRequired\":true,\"valueName\":\"search_term_string\"}}],\"inLanguage\":\"pl-PL\"},{\"@type\":\"Person\",\"@id\":\"https:\/\/zahoramizadolami.sk\/pl\/#\/schema\/person\/5744777ca51b12b8c124664daee4900c\",\"name\":\"Kristina Koziakova\",\"image\":{\"@type\":\"ImageObject\",\"inLanguage\":\"pl-PL\",\"@id\":\"https:\/\/zahoramizadolami.sk\/pl\/#\/schema\/person\/image\/\",\"url\":\"https:\/\/secure.gravatar.com\/avatar\/953695c57c885b0286f3e362731bcbdd?s=96&d=mm&r=g\",\"contentUrl\":\"https:\/\/secure.gravatar.com\/avatar\/953695c57c885b0286f3e362731bcbdd?s=96&d=mm&r=g\",\"caption\":\"Kristina Koziakova\"},\"url\":\"https:\/\/zahoramizadolami.sk\/pl\/author\/kika\/\"}]}<\/script>\n<!-- \/ Yoast SEO plugin. -->","yoast_head_json":{"title":"Brezno \u2013 serce regionu Horehronie - Za horami, za dolami v Banskobystrickom kraji","description":"Wybierzcie si\u0119 z nami na wycieczk\u0119, by pozna\u0107 serce regionu Horehronie \u2013 kr\u00f3lewskie miasto Brezno.","robots":{"index":"index","follow":"follow","max-snippet":"max-snippet:-1","max-image-preview":"max-image-preview:large","max-video-preview":"max-video-preview:-1"},"canonical":"https:\/\/zahoramizadolami.sk\/pl\/brezno-serce-regionu-horehronie\/","og_locale":"pl_PL","og_type":"article","og_title":"Brezno \u2013 serce regionu Horehronie - Za horami, za dolami v Banskobystrickom kraji","og_description":"Wybierzcie si\u0119 z nami na wycieczk\u0119, by pozna\u0107 serce regionu Horehronie \u2013 kr\u00f3lewskie miasto Brezno.","og_url":"https:\/\/zahoramizadolami.sk\/pl\/brezno-serce-regionu-horehronie\/","og_site_name":"Za horami, za dolami v Banskobystrickom kraji","article_publisher":"https:\/\/www.facebook.com\/zahoramizadolami.sk\/","article_published_time":"2026-03-04T15:52:21+00:00","article_modified_time":"2026-08-05T08:49:36+00:00","og_image":[{"width":1200,"height":338,"url":"https:\/\/zahoramizadolami.sk\/wp-content\/uploads\/2026\/03\/04_Vyhlad-na-Nizke-Tatry-z-rozhladne-e1772639174278.jpg","type":"image\/jpeg"}],"author":"Kristina Koziakova","twitter_card":"summary_large_image","twitter_misc":{"Napisane przez":"Kristina Koziakova","Szacowany czas czytania":"6 minut"},"schema":{"@context":"https:\/\/schema.org","@graph":[{"@type":"WebPage","@id":"https:\/\/zahoramizadolami.sk\/pl\/brezno-serce-regionu-horehronie\/","url":"https:\/\/zahoramizadolami.sk\/pl\/brezno-serce-regionu-horehronie\/","name":"Brezno \u2013 serce regionu Horehronie - Za horami, za dolami v Banskobystrickom kraji","isPartOf":{"@id":"https:\/\/zahoramizadolami.sk\/pl\/#website"},"primaryImageOfPage":{"@id":"https:\/\/zahoramizadolami.sk\/pl\/brezno-serce-regionu-horehronie\/#primaryimage"},"image":{"@id":"https:\/\/zahoramizadolami.sk\/pl\/brezno-serce-regionu-horehronie\/#primaryimage"},"thumbnailUrl":"https:\/\/zahoramizadolami.sk\/wp-content\/uploads\/2026\/03\/04_Vyhlad-na-Nizke-Tatry-z-rozhladne-e1772639174278.jpg","datePublished":"2026-03-04T15:52:21+00:00","dateModified":"2026-08-05T08:49:36+00:00","author":{"@id":"https:\/\/zahoramizadolami.sk\/pl\/#\/schema\/person\/5744777ca51b12b8c124664daee4900c"},"description":"Wybierzcie si\u0119 z nami na wycieczk\u0119, by pozna\u0107 serce regionu Horehronie \u2013 kr\u00f3lewskie miasto Brezno.","breadcrumb":{"@id":"https:\/\/zahoramizadolami.sk\/pl\/brezno-serce-regionu-horehronie\/#breadcrumb"},"inLanguage":"pl-PL","potentialAction":[{"@type":"ReadAction","target":["https:\/\/zahoramizadolami.sk\/pl\/brezno-serce-regionu-horehronie\/"]}]},{"@type":"ImageObject","inLanguage":"pl-PL","@id":"https:\/\/zahoramizadolami.sk\/pl\/brezno-serce-regionu-horehronie\/#primaryimage","url":"https:\/\/zahoramizadolami.sk\/wp-content\/uploads\/2026\/03\/04_Vyhlad-na-Nizke-Tatry-z-rozhladne-e1772639174278.jpg","contentUrl":"https:\/\/zahoramizadolami.sk\/wp-content\/uploads\/2026\/03\/04_Vyhlad-na-Nizke-Tatry-z-rozhladne-e1772639174278.jpg","width":1200,"height":338},{"@type":"BreadcrumbList","@id":"https:\/\/zahoramizadolami.sk\/pl\/brezno-serce-regionu-horehronie\/#breadcrumb","itemListElement":[{"@type":"ListItem","position":1,"name":"Home","item":"https:\/\/zahoramizadolami.sk\/pl\/"},{"@type":"ListItem","position":2,"name":"Brezno \u2013 serce regionu Horehronie"}]},{"@type":"WebSite","@id":"https:\/\/zahoramizadolami.sk\/pl\/#website","url":"https:\/\/zahoramizadolami.sk\/pl\/","name":"Za horami, za dolami v Banskobystrickom kraji","description":"Za horami, za dolami, bol raz jeden Banskobystrick\u00fd kraj.","potentialAction":[{"@type":"SearchAction","target":{"@type":"EntryPoint","urlTemplate":"https:\/\/zahoramizadolami.sk\/pl\/?s={search_term_string}"},"query-input":{"@type":"PropertyValueSpecification","valueRequired":true,"valueName":"search_term_string"}}],"inLanguage":"pl-PL"},{"@type":"Person","@id":"https:\/\/zahoramizadolami.sk\/pl\/#\/schema\/person\/5744777ca51b12b8c124664daee4900c","name":"Kristina Koziakova","image":{"@type":"ImageObject","inLanguage":"pl-PL","@id":"https:\/\/zahoramizadolami.sk\/pl\/#\/schema\/person\/image\/","url":"https:\/\/secure.gravatar.com\/avatar\/953695c57c885b0286f3e362731bcbdd?s=96&d=mm&r=g","contentUrl":"https:\/\/secure.gravatar.com\/avatar\/953695c57c885b0286f3e362731bcbdd?s=96&d=mm&r=g","caption":"Kristina Koziakova"},"url":"https:\/\/zahoramizadolami.sk\/pl\/author\/kika\/"}]}},"_links":{"self":[{"href":"https:\/\/zahoramizadolami.sk\/pl\/wp-json\/wp\/v2\/posts\/52417","targetHints":{"allow":["GET"]}}],"collection":[{"href":"https:\/\/zahoramizadolami.sk\/pl\/wp-json\/wp\/v2\/posts"}],"about":[{"href":"https:\/\/zahoramizadolami.sk\/pl\/wp-json\/wp\/v2\/types\/post"}],"author":[{"embeddable":true,"href":"https:\/\/zahoramizadolami.sk\/pl\/wp-json\/wp\/v2\/users\/22"}],"replies":[{"embeddable":true,"href":"https:\/\/zahoramizadolami.sk\/pl\/wp-json\/wp\/v2\/comments?post=52417"}],"version-history":[{"count":4,"href":"https:\/\/zahoramizadolami.sk\/pl\/wp-json\/wp\/v2\/posts\/52417\/revisions"}],"predecessor-version":[{"id":52456,"href":"https:\/\/zahoramizadolami.sk\/pl\/wp-json\/wp\/v2\/posts\/52417\/revisions\/52456"}],"wp:featuredmedia":[{"embeddable":true,"href":"https:\/\/zahoramizadolami.sk\/pl\/wp-json\/wp\/v2\/media\/52421"}],"wp:attachment":[{"href":"https:\/\/zahoramizadolami.sk\/pl\/wp-json\/wp\/v2\/media?parent=52417"}],"wp:term":[{"taxonomy":"category","embeddable":true,"href":"https:\/\/zahoramizadolami.sk\/pl\/wp-json\/wp\/v2\/categories?post=52417"},{"taxonomy":"post_tag","embeddable":true,"href":"https:\/\/zahoramizadolami.sk\/pl\/wp-json\/wp\/v2\/tags?post=52417"}],"curies":[{"name":"wp","href":"https:\/\/api.w.org\/{rel}","templated":true}]}}